{"id":89,"date":"2021-04-07T17:41:59","date_gmt":"2021-04-07T17:41:59","guid":{"rendered":"https:\/\/jetfilm.com.br\/blog\/?p=89"},"modified":"2021-04-07T18:20:09","modified_gmt":"2021-04-07T18:20:09","slug":"protecao-dos-raios-solares-mesmo-em-dias-nublados","status":"publish","type":"post","link":"https:\/\/jetfilm.com.br\/blog\/protecao-dos-raios-solares-mesmo-em-dias-nublados\/","title":{"rendered":"Prote\u00e7\u00e3o dos raios solares mesmo em dias nublados"},"content":{"rendered":"\n<p>Os raios solares s\u00e3o prejudiciais por v\u00e1rios motivos: eles n\u00e3o s\u00f3 danificam os objetos como tamb\u00e9m trazem malef\u00edcios para a sa\u00fade e o conforto pessoal. O pior de tudo \u00e9 que, mesmo em dias nublados em S\u00e3o Paulo, est\u00e3o presentes na atmosfera e podem nos prejudicar.<\/p>\n\n\n\n<p>Mas como resolver essa problem\u00e1tica todos os dias? A solu\u00e7\u00e3o \u00e9 optar pelo uso de pel\u00edculas para vidros \u2013 tanto em carros quanto em im\u00f3veis.<\/p>\n\n\n\n<p>Neste artigo, <strong>a <\/strong><a href=\"https:\/\/jetfilm.com.br\/\"><strong>equipe da JetFilm<\/strong><\/a><strong> fala sobre a import\u00e2ncia da prote\u00e7\u00e3o dos raios solares mesmo dias nublados<\/strong><em>. Acompanhe na \u00edntegra e agregue valor no servi\u00e7o com informa\u00e7\u00f5es para os seus clientes.<\/em><\/p>\n\n\n\n<h2 class=\"wp-block-heading\">Antes de tudo: o que s\u00e3o os raios infra vermelhos e UV (ultravioletas)?<\/h2>\n\n\n\n<p>A radia\u00e7\u00e3o solar \u00e9 formada por uma s\u00e9rie de raios, incluindo os poderosos ultravioletas (UVA, UVB e UVC) e os infravermelhos.<\/p>\n\n\n\n<p>Apesar de serem essenciais para a vida humana, tal radia\u00e7\u00e3o provoca s\u00e9rios danos devido a exposi\u00e7\u00e3o forte e constante. Isso <strong>porque os raios s\u00e3o invis\u00edveis e podem penetrar no corpo humano sem que voc\u00ea saiba disso!<\/strong><\/p>\n\n\n\n<p>Os raios do sol s\u00e3o capazes de modificar o material gen\u00e9tico das nossas c\u00e9lulas (conhecido como DNA) e aumentar a predisposi\u00e7\u00e3o para doen\u00e7as. Uma das mais not\u00e1veis \u00e9 o desenvolvimento de c\u00e2ncer de pele \u2013 que \u00e9 considerado um dos principais malef\u00edcios da exposi\u00e7\u00e3o \u00e0 radia\u00e7\u00e3o sem prote\u00e7\u00e3o.<\/p>\n\n\n\n<p><strong>Al\u00e9m de toda a problem\u00e1tica relacionada com a sa\u00fade humana, os raios do sol trazem malef\u00edcios para itens e objetos<\/strong>. Eles s\u00e3o respons\u00e1veis por danific\u00e1-los, desbot\u00e1-los e reduzir sua vida \u00fatil \u2013 deixando o aspecto bem desagrad\u00e1vel.<\/p>\n\n\n\n<p>Levando isso em considera\u00e7\u00e3o, \u00e9 preciso pensar em maneiras de minimiz\u00e1-los. E uma delas \u00e9 fazendo o a aplica\u00e7\u00e3o de pel\u00edculas para vidros \u2013 seja em casas, escrit\u00f3rios ou carros.<\/p>\n\n\n\n<h2 class=\"wp-block-heading\">Por que se proteger mesmo em dias nublados? Pel\u00edculas para vidros e o clima de S\u00e3o Paulo<\/h2>\n\n\n\n<p>Muita gente pensa que o uso de pel\u00edculas para vidros s\u00f3 \u00e9 vi\u00e1vel em cidades com alta exposi\u00e7\u00e3o solar. Mas eles est\u00e3o muito enganados! <strong>Porque mesmo em dias nublados, a radia\u00e7\u00e3o solar gera seus efeitos indesej\u00e1veis<\/strong> \u2013 principalmente porque se trata de raios invis\u00edveis.<\/p>\n\n\n\n<p>Devido \u00e0 grande polui\u00e7\u00e3o atmosf\u00e9rica, <strong>S\u00e3o Paulo \u00e9 uma cidade que tem muitos dias nublados \u2013 esteja o clima quente ou frio<\/strong>. Apesar disso, os raios chegam com a mesma intensidade em todos os cantos da cidade. Esteja sol ou n\u00e3o. &nbsp;<\/p>\n\n\n\n<p>Portanto, moradores de S\u00e3o Paulo requerem a mesma prote\u00e7\u00e3o do que outras partes do pa\u00eds: devendo se preocupar com a radia\u00e7\u00e3o solar sem o uso da devida prote\u00e7\u00e3o. <strong>Pel\u00edculas para vidros ainda s\u00e3o uma das formas de preven\u00e7\u00e3o mais indicadas, j\u00e1 que minimizam em at\u00e9 99,9% a absor\u00e7\u00e3o de raios solares.<\/strong><\/p>\n\n\n\n<h2 class=\"wp-block-heading\"><br>Benef\u00edcios e vantagens em utilizar as pel\u00edculas corretas<\/h2>\n\n\n\n<h2 class=\"wp-block-heading\">&nbsp;<\/h2>\n\n\n\n<p><strong>Pel\u00edculas de marcas de qualidade n\u00e3o s\u00f3 reduzem o calor e a absor\u00e7\u00e3o de raios solares<\/strong>, como tamb\u00e9m:<\/p>\n\n\n\n<ul class=\"wp-block-list\"><li>\u2022  Proporcionam maior conforto dentro do ambiente: oferecendo conforto t\u00e9rmico e visual para os usu\u00e1rios;<\/li><li>\u2022  Trazem mais seguran\u00e7a e privacidade: reduzindo os olhares externos e minimizando o risco de acidentes com estilha\u00e7os em vidros;<\/li><li>\u2022  Promovem economia de energia: por reduzir a necessidade de uso do ar-condicionado;<\/li><li>\u2022  Aumentam a vida \u00fatil de m\u00f3veis e objetos: reduzindo os danos solares \u2013 principalmente com rela\u00e7\u00e3o ao desbotamento causado pelo sol;<\/li><li>\u2022  Previnem problemas de sa\u00fade: sobretudo o c\u00e2ncer de pele, causado pela radia\u00e7\u00e3o solar e extremamente prejudicial para a sa\u00fade humana;<\/li><li>\u2022  Agregam do ponto de vista decorativo: j\u00e1 que podem incluir diferentes detalhes para deixar o ambiente mais agrad\u00e1vel;<\/li><li>E muito mais.<\/li><\/ul>\n\n\n\n<p><a href=\"https:\/\/jetfilm.com.br\/blog\/5-fatores-que-fazem-o-seu-negocio-ser-lucrativo\/#.YGHZbkhKgcg\">&#8211; 5 fatores que fazem o seu neg\u00f3cio ser muito mais lucrativo.<\/a><\/p>\n\n\n\n<p><strong>Conhecer todos estes benef\u00edcios \u00e9 essencial para quem trabalhar com vendas e aplica\u00e7\u00f5es de pel\u00edculas em vidros em S\u00e3o Paulo.<\/strong><\/p>\n\n\n\n<h3 class=\"wp-block-heading\">Mas por que \u00e9 importante conhecer sobre tais assuntos?<\/h3>\n\n\n\n<p><em>Quanto mais voc\u00ea souber sobre o nicho que atua e os benef\u00edcios da aplica\u00e7\u00e3o de pel\u00edculas para vidros, maiores as chances de agregar valor para o seu servi\u00e7o e atrair ainda mais vendas.<\/em><\/p>\n\n\n\n<p>Profissionais que sabem apresentar as vantagens do produto ao cliente aumentam suas vendas e se tornam refer\u00eancia no mercado.<\/p>\n\n\n\n<p>\u00c9 por esse motivo que a <strong>JetFilm sempre se preocupa em instruir seus parceiros com informa\u00e7\u00f5es pertinentes do segmento<\/strong> \u2013 o que melhora a experi\u00eancia dos profissionais com seus clientes finais.<\/p>\n\n\n\n<h2 class=\"wp-block-heading\">Oportunidade do aumento das vendas durante a pandemia (trabalho em home office)<\/h2>\n\n\n\n<p>Apesar da pandemia ter gerado uma crise gigante na economia, <strong>o setor de pel\u00edculas sentiu no momento uma oportunidade. <\/strong>Com o aumento do home office, mais pessoas v\u00eam buscando maneiras de deixar sua resid\u00eancia (que \u00e9 o novo escrit\u00f3rio) mais seguro e confort\u00e1vel.<\/p>\n\n\n\n<p>Por esse motivo, profissionais encontram uma grande oportunidade com as vendas, mesmo em tempos de Coronav\u00edrus.<\/p>\n\n\n\n<p><strong>Se voc\u00ea busca uma maneira de garantir renda mesmo em tempos t\u00e3o dif\u00edceis, vale a pena considerar o segmento de pel\u00edculas para vidros arquitet\u00f4nicos<\/strong> como uma grande oportunidade.<\/p>\n\n\n\n<p><a href=\"https:\/\/jetfilm.com.br\/blog\/oportunidade-de-vendas-de-peliculas-para-vidros-em-tempos-de-pandemia\/#.YGHZIUhKgcg\">Neste post, entenda mais sobre o aumento do home office<\/a> e a procura por servi\u00e7os residenciais \u2013 bem como a aplica\u00e7\u00e3o de pel\u00edculas para vidros.<\/p>\n\n\n\n<h2 class=\"wp-block-heading\"><br>Benef\u00edcios e Vantagens da profissionaliza\u00e7\u00e3o: por que se profissionalizar?<\/h2>\n\n\n\n<p>Especializa\u00e7\u00f5es e conhecimento podem <a href=\"https:\/\/jetfilm.com.br\/blog\/especializacoes-e-conhecimento-podem-salvar-o-seu-negocio-de-peliculas\/#.YGHZjEhKgcg\">salvar o seu neg\u00f3cio de pel\u00edculas.<\/a><\/p>\n\n\n\n<p>A profissionaliza\u00e7\u00e3o abre muitas portas:<\/p>\n\n\n\n<ul class=\"wp-block-list\"><li>\u2022  Ela permite que voc\u00ea se especialize e possa cobrar mais pelos seus servi\u00e7os;<\/li><li>\u2022  Agrega valor para seu neg\u00f3cio \u2013 passando mais credibilidade para o cliente;<\/li><li>\u2022  Permite que voc\u00ea se diferencie da enorme concorr\u00eancia;<\/li><li>\u2022  Gera uma oportunidade para aumento das vendas;<\/li><li>\u2022  E permite que se mantenha ativo no mercado, trazendo novidades mesmo em tempos de crise.<\/li><\/ul>\n\n\n\n<p>A <a href=\"https:\/\/jetfilm.com.br\/jetschool\">JetSchool oferece treinamentos exclusivos<\/a> para quem pretende trabalhar com pel\u00edculas para vidros em S\u00e3o Paulo. Se voc\u00ea se interessa pela \u00e1rea, dois cursos podem ser interessantes:<\/p>\n\n\n\n<ul class=\"wp-block-list\"><li>\u2022 O Curso de <a href=\"https:\/\/jetfilm.com.br\/jetschool-ver\/curso-pelicula-arquitetura\">Pel\u00edcula Arquitet\u00f4nica<\/a>;<\/li><li>\u2022 E o de Pel\u00edcula Automotiva.<\/li><\/ul>\n\n\n\n<p>Que tal se especializar? Com certeza, isso s\u00f3 trar\u00e1 benef\u00edcios para o seu neg\u00f3cio. Vale a pena explorar!<\/p>\n\n\n\n<h2 class=\"wp-block-heading\">Tire todas as suas d\u00favidas com a JetFilm<\/h2>\n\n\n\n<p>A JetFilm atua <strong>h\u00e1 mais de uma d\u00e9cada como refer\u00eancia em Distribui\u00e7\u00e3o de Pel\u00edculas para Vidros Arquitet\u00f4nicos e Automotivos em S\u00e3o Paulo e S\u00e3o Bernardo do Campo.<\/strong><\/p>\n\n\n\n<p>Entre em contato conosco e tire todas as suas d\u00favidas. Falando com quem \u00e9 especialista do segmento, voc\u00ea garante ainda mais credibilidade para lucrar com seu neg\u00f3cio de pel\u00edculas \u2013 mesmo em tempos de pandemia.<\/p>\n\n\n\n<p>Ligue no <strong>telefone (11) 3412-8797<\/strong> ou entre em contato <a href=\"https:\/\/linktr.ee\/jetfilmdistribuidora\">direto pelo WhatsApp.<\/a><\/p>\n","protected":false},"excerpt":{"rendered":"<p>Os raios solares s\u00e3o prejudiciais por v\u00e1rios motivos: eles n\u00e3o s\u00f3 danificam os objetos como<\/p>\n","protected":false},"author":4,"featured_media":97,"comment_status":"closed","ping_status":"closed","sticky":false,"template":"","format":"standard","meta":{"footnotes":""},"categories":[3,2],"tags":[10,19,26],"class_list":["post-89","post","type-post","status-publish","format-standard","has-post-thumbnail","hentry","category-peliculas-arquitetonicas","category-peliculas-automotivas","tag-peliculas-automotivas","tag-peliculas-para-vidros-2","tag-raios-solares"],"yoast_head":"<!-- This site is optimized with the Yoast SEO plugin v26.8 - https:\/\/yoast.com\/product\/yoast-seo-wordpress\/ -->\n<title>Prote\u00e7\u00e3o dos raios solares mesmo em dias nublados<\/title>\n<meta name=\"description\" content=\"O pior de tudo \u00e9 que, mesmo em dias nublados em S\u00e3o Paulo, os raios solares est\u00e3o presentes na atmosfera e podem nos prejudicar. Saiba como se proteger!\" \/>\n<meta name=\"robots\" content=\"index, follow, max-snippet:-1, max-image-preview:large, max-video-preview:-1\" \/>\n<link rel=\"canonical\" href=\"https:\/\/jetfilm.com.br\/blog\/protecao-dos-raios-solares-mesmo-em-dias-nublados\/\" \/>\n<meta property=\"og:locale\" content=\"pt_BR\" \/>\n<meta property=\"og:type\" content=\"article\" \/>\n<meta property=\"og:title\" content=\"Prote\u00e7\u00e3o dos raios solares mesmo em dias nublados - Pel\u00edculas para Vidro\" \/>\n<meta property=\"og:description\" content=\"O pior de tudo \u00e9 que, mesmo em dias nublados em S\u00e3o Paulo, os raios solares est\u00e3o presentes na atmosfera e podem nos prejudicar. Saiba como se proteger!\" \/>\n<meta property=\"og:url\" content=\"https:\/\/jetfilm.com.br\/blog\/protecao-dos-raios-solares-mesmo-em-dias-nublados\/\" \/>\n<meta property=\"og:site_name\" content=\"Blog\" \/>\n<meta property=\"article:published_time\" content=\"2021-04-07T17:41:59+00:00\" \/>\n<meta property=\"article:modified_time\" content=\"2021-04-07T18:20:09+00:00\" \/>\n<meta property=\"og:image\" content=\"https:\/\/jetfilm.com.br\/blog\/wp-content\/uploads\/2021\/04\/protecao-raios-solares-mesmo-em-dias-nublados-peliculas-para-vidros-solucao.jpg\" \/>\n\t<meta property=\"og:image:width\" content=\"1200\" \/>\n\t<meta property=\"og:image:height\" content=\"630\" \/>\n\t<meta property=\"og:image:type\" content=\"image\/jpeg\" \/>\n<meta name=\"author\" content=\"JetFilm\" \/>\n<meta name=\"twitter:card\" content=\"summary_large_image\" \/>\n<meta name=\"twitter:label1\" content=\"Escrito por\" \/>\n\t<meta name=\"twitter:data1\" content=\"JetFilm\" \/>\n\t<meta name=\"twitter:label2\" content=\"Est. tempo de leitura\" \/>\n\t<meta name=\"twitter:data2\" content=\"6 minutos\" \/>\n<script type=\"application\/ld+json\" class=\"yoast-schema-graph\">{\"@context\":\"https:\/\/schema.org\",\"@graph\":[{\"@type\":\"Article\",\"@id\":\"https:\/\/jetfilm.com.br\/blog\/protecao-dos-raios-solares-mesmo-em-dias-nublados\/#article\",\"isPartOf\":{\"@id\":\"https:\/\/jetfilm.com.br\/blog\/protecao-dos-raios-solares-mesmo-em-dias-nublados\/\"},\"author\":{\"name\":\"JetFilm\",\"@id\":\"https:\/\/jetfilm.com.br\/blog\/#\/schema\/person\/508857efa73ed197e287e309cfbf3b56\"},\"headline\":\"Prote\u00e7\u00e3o dos raios solares mesmo em dias nublados\",\"datePublished\":\"2021-04-07T17:41:59+00:00\",\"dateModified\":\"2021-04-07T18:20:09+00:00\",\"mainEntityOfPage\":{\"@id\":\"https:\/\/jetfilm.com.br\/blog\/protecao-dos-raios-solares-mesmo-em-dias-nublados\/\"},\"wordCount\":1159,\"image\":{\"@id\":\"https:\/\/jetfilm.com.br\/blog\/protecao-dos-raios-solares-mesmo-em-dias-nublados\/#primaryimage\"},\"thumbnailUrl\":\"https:\/\/jetfilm.com.br\/blog\/wp-content\/uploads\/2021\/04\/saiba-como-ter-protecao-raios-solares-mesmo-em-dias-nublados.jpg\",\"keywords\":[\"Pel\u00edculas Automotivas\",\"peliculas para vidros\",\"raios solares\"],\"articleSection\":[\"Pel\u00edculas Arquitet\u00f4nicas\",\"Pel\u00edculas Automotivas\"],\"inLanguage\":\"pt-BR\"},{\"@type\":\"WebPage\",\"@id\":\"https:\/\/jetfilm.com.br\/blog\/protecao-dos-raios-solares-mesmo-em-dias-nublados\/\",\"url\":\"https:\/\/jetfilm.com.br\/blog\/protecao-dos-raios-solares-mesmo-em-dias-nublados\/\",\"name\":\"Prote\u00e7\u00e3o dos raios solares mesmo em dias nublados\",\"isPartOf\":{\"@id\":\"https:\/\/jetfilm.com.br\/blog\/#website\"},\"primaryImageOfPage\":{\"@id\":\"https:\/\/jetfilm.com.br\/blog\/protecao-dos-raios-solares-mesmo-em-dias-nublados\/#primaryimage\"},\"image\":{\"@id\":\"https:\/\/jetfilm.com.br\/blog\/protecao-dos-raios-solares-mesmo-em-dias-nublados\/#primaryimage\"},\"thumbnailUrl\":\"https:\/\/jetfilm.com.br\/blog\/wp-content\/uploads\/2021\/04\/saiba-como-ter-protecao-raios-solares-mesmo-em-dias-nublados.jpg\",\"datePublished\":\"2021-04-07T17:41:59+00:00\",\"dateModified\":\"2021-04-07T18:20:09+00:00\",\"author\":{\"@id\":\"https:\/\/jetfilm.com.br\/blog\/#\/schema\/person\/508857efa73ed197e287e309cfbf3b56\"},\"description\":\"O pior de tudo \u00e9 que, mesmo em dias nublados em S\u00e3o Paulo, os raios solares est\u00e3o presentes na atmosfera e podem nos prejudicar. Saiba como se proteger!\",\"breadcrumb\":{\"@id\":\"https:\/\/jetfilm.com.br\/blog\/protecao-dos-raios-solares-mesmo-em-dias-nublados\/#breadcrumb\"},\"inLanguage\":\"pt-BR\",\"potentialAction\":[{\"@type\":\"ReadAction\",\"target\":[\"https:\/\/jetfilm.com.br\/blog\/protecao-dos-raios-solares-mesmo-em-dias-nublados\/\"]}]},{\"@type\":\"ImageObject\",\"inLanguage\":\"pt-BR\",\"@id\":\"https:\/\/jetfilm.com.br\/blog\/protecao-dos-raios-solares-mesmo-em-dias-nublados\/#primaryimage\",\"url\":\"https:\/\/jetfilm.com.br\/blog\/wp-content\/uploads\/2021\/04\/saiba-como-ter-protecao-raios-solares-mesmo-em-dias-nublados.jpg\",\"contentUrl\":\"https:\/\/jetfilm.com.br\/blog\/wp-content\/uploads\/2021\/04\/saiba-como-ter-protecao-raios-solares-mesmo-em-dias-nublados.jpg\",\"width\":1536,\"height\":1024},{\"@type\":\"BreadcrumbList\",\"@id\":\"https:\/\/jetfilm.com.br\/blog\/protecao-dos-raios-solares-mesmo-em-dias-nublados\/#breadcrumb\",\"itemListElement\":[{\"@type\":\"ListItem\",\"position\":1,\"name\":\"In\u00edcio\",\"item\":\"https:\/\/jetfilm.com.br\/blog\/\"},{\"@type\":\"ListItem\",\"position\":2,\"name\":\"Prote\u00e7\u00e3o dos raios solares mesmo em dias nublados\"}]},{\"@type\":\"WebSite\",\"@id\":\"https:\/\/jetfilm.com.br\/blog\/#website\",\"url\":\"https:\/\/jetfilm.com.br\/blog\/\",\"name\":\"Blog\",\"description\":\"Dicas e Informa\u00e7\u00f5es\",\"potentialAction\":[{\"@type\":\"SearchAction\",\"target\":{\"@type\":\"EntryPoint\",\"urlTemplate\":\"https:\/\/jetfilm.com.br\/blog\/?s={search_term_string}\"},\"query-input\":{\"@type\":\"PropertyValueSpecification\",\"valueRequired\":true,\"valueName\":\"search_term_string\"}}],\"inLanguage\":\"pt-BR\"},{\"@type\":\"Person\",\"@id\":\"https:\/\/jetfilm.com.br\/blog\/#\/schema\/person\/508857efa73ed197e287e309cfbf3b56\",\"name\":\"JetFilm\",\"image\":{\"@type\":\"ImageObject\",\"inLanguage\":\"pt-BR\",\"@id\":\"https:\/\/jetfilm.com.br\/blog\/#\/schema\/person\/image\/\",\"url\":\"https:\/\/secure.gravatar.com\/avatar\/b76ae883a643cfb28b8c39cd28372d7a?s=96&d=mm&r=g\",\"contentUrl\":\"https:\/\/secure.gravatar.com\/avatar\/b76ae883a643cfb28b8c39cd28372d7a?s=96&d=mm&r=g\",\"caption\":\"JetFilm\"},\"url\":\"https:\/\/jetfilm.com.br\/blog\/author\/jetuser\/\"}]}<\/script>\n<!-- \/ Yoast SEO plugin. -->","yoast_head_json":{"title":"Prote\u00e7\u00e3o dos raios solares mesmo em dias nublados","description":"O pior de tudo \u00e9 que, mesmo em dias nublados em S\u00e3o Paulo, os raios solares est\u00e3o presentes na atmosfera e podem nos prejudicar. Saiba como se proteger!","robots":{"index":"index","follow":"follow","max-snippet":"max-snippet:-1","max-image-preview":"max-image-preview:large","max-video-preview":"max-video-preview:-1"},"canonical":"https:\/\/jetfilm.com.br\/blog\/protecao-dos-raios-solares-mesmo-em-dias-nublados\/","og_locale":"pt_BR","og_type":"article","og_title":"Prote\u00e7\u00e3o dos raios solares mesmo em dias nublados - Pel\u00edculas para Vidro","og_description":"O pior de tudo \u00e9 que, mesmo em dias nublados em S\u00e3o Paulo, os raios solares est\u00e3o presentes na atmosfera e podem nos prejudicar. Saiba como se proteger!","og_url":"https:\/\/jetfilm.com.br\/blog\/protecao-dos-raios-solares-mesmo-em-dias-nublados\/","og_site_name":"Blog","article_published_time":"2021-04-07T17:41:59+00:00","article_modified_time":"2021-04-07T18:20:09+00:00","og_image":[{"width":1200,"height":630,"url":"https:\/\/jetfilm.com.br\/blog\/wp-content\/uploads\/2021\/04\/protecao-raios-solares-mesmo-em-dias-nublados-peliculas-para-vidros-solucao.jpg","type":"image\/jpeg"}],"author":"JetFilm","twitter_card":"summary_large_image","twitter_misc":{"Escrito por":"JetFilm","Est. tempo de leitura":"6 minutos"},"schema":{"@context":"https:\/\/schema.org","@graph":[{"@type":"Article","@id":"https:\/\/jetfilm.com.br\/blog\/protecao-dos-raios-solares-mesmo-em-dias-nublados\/#article","isPartOf":{"@id":"https:\/\/jetfilm.com.br\/blog\/protecao-dos-raios-solares-mesmo-em-dias-nublados\/"},"author":{"name":"JetFilm","@id":"https:\/\/jetfilm.com.br\/blog\/#\/schema\/person\/508857efa73ed197e287e309cfbf3b56"},"headline":"Prote\u00e7\u00e3o dos raios solares mesmo em dias nublados","datePublished":"2021-04-07T17:41:59+00:00","dateModified":"2021-04-07T18:20:09+00:00","mainEntityOfPage":{"@id":"https:\/\/jetfilm.com.br\/blog\/protecao-dos-raios-solares-mesmo-em-dias-nublados\/"},"wordCount":1159,"image":{"@id":"https:\/\/jetfilm.com.br\/blog\/protecao-dos-raios-solares-mesmo-em-dias-nublados\/#primaryimage"},"thumbnailUrl":"https:\/\/jetfilm.com.br\/blog\/wp-content\/uploads\/2021\/04\/saiba-como-ter-protecao-raios-solares-mesmo-em-dias-nublados.jpg","keywords":["Pel\u00edculas Automotivas","peliculas para vidros","raios solares"],"articleSection":["Pel\u00edculas Arquitet\u00f4nicas","Pel\u00edculas Automotivas"],"inLanguage":"pt-BR"},{"@type":"WebPage","@id":"https:\/\/jetfilm.com.br\/blog\/protecao-dos-raios-solares-mesmo-em-dias-nublados\/","url":"https:\/\/jetfilm.com.br\/blog\/protecao-dos-raios-solares-mesmo-em-dias-nublados\/","name":"Prote\u00e7\u00e3o dos raios solares mesmo em dias nublados","isPartOf":{"@id":"https:\/\/jetfilm.com.br\/blog\/#website"},"primaryImageOfPage":{"@id":"https:\/\/jetfilm.com.br\/blog\/protecao-dos-raios-solares-mesmo-em-dias-nublados\/#primaryimage"},"image":{"@id":"https:\/\/jetfilm.com.br\/blog\/protecao-dos-raios-solares-mesmo-em-dias-nublados\/#primaryimage"},"thumbnailUrl":"https:\/\/jetfilm.com.br\/blog\/wp-content\/uploads\/2021\/04\/saiba-como-ter-protecao-raios-solares-mesmo-em-dias-nublados.jpg","datePublished":"2021-04-07T17:41:59+00:00","dateModified":"2021-04-07T18:20:09+00:00","author":{"@id":"https:\/\/jetfilm.com.br\/blog\/#\/schema\/person\/508857efa73ed197e287e309cfbf3b56"},"description":"O pior de tudo \u00e9 que, mesmo em dias nublados em S\u00e3o Paulo, os raios solares est\u00e3o presentes na atmosfera e podem nos prejudicar. Saiba como se proteger!","breadcrumb":{"@id":"https:\/\/jetfilm.com.br\/blog\/protecao-dos-raios-solares-mesmo-em-dias-nublados\/#breadcrumb"},"inLanguage":"pt-BR","potentialAction":[{"@type":"ReadAction","target":["https:\/\/jetfilm.com.br\/blog\/protecao-dos-raios-solares-mesmo-em-dias-nublados\/"]}]},{"@type":"ImageObject","inLanguage":"pt-BR","@id":"https:\/\/jetfilm.com.br\/blog\/protecao-dos-raios-solares-mesmo-em-dias-nublados\/#primaryimage","url":"https:\/\/jetfilm.com.br\/blog\/wp-content\/uploads\/2021\/04\/saiba-como-ter-protecao-raios-solares-mesmo-em-dias-nublados.jpg","contentUrl":"https:\/\/jetfilm.com.br\/blog\/wp-content\/uploads\/2021\/04\/saiba-como-ter-protecao-raios-solares-mesmo-em-dias-nublados.jpg","width":1536,"height":1024},{"@type":"BreadcrumbList","@id":"https:\/\/jetfilm.com.br\/blog\/protecao-dos-raios-solares-mesmo-em-dias-nublados\/#breadcrumb","itemListElement":[{"@type":"ListItem","position":1,"name":"In\u00edcio","item":"https:\/\/jetfilm.com.br\/blog\/"},{"@type":"ListItem","position":2,"name":"Prote\u00e7\u00e3o dos raios solares mesmo em dias nublados"}]},{"@type":"WebSite","@id":"https:\/\/jetfilm.com.br\/blog\/#website","url":"https:\/\/jetfilm.com.br\/blog\/","name":"Blog","description":"Dicas e Informa\u00e7\u00f5es","potentialAction":[{"@type":"SearchAction","target":{"@type":"EntryPoint","urlTemplate":"https:\/\/jetfilm.com.br\/blog\/?s={search_term_string}"},"query-input":{"@type":"PropertyValueSpecification","valueRequired":true,"valueName":"search_term_string"}}],"inLanguage":"pt-BR"},{"@type":"Person","@id":"https:\/\/jetfilm.com.br\/blog\/#\/schema\/person\/508857efa73ed197e287e309cfbf3b56","name":"JetFilm","image":{"@type":"ImageObject","inLanguage":"pt-BR","@id":"https:\/\/jetfilm.com.br\/blog\/#\/schema\/person\/image\/","url":"https:\/\/secure.gravatar.com\/avatar\/b76ae883a643cfb28b8c39cd28372d7a?s=96&d=mm&r=g","contentUrl":"https:\/\/secure.gravatar.com\/avatar\/b76ae883a643cfb28b8c39cd28372d7a?s=96&d=mm&r=g","caption":"JetFilm"},"url":"https:\/\/jetfilm.com.br\/blog\/author\/jetuser\/"}]}},"_links":{"self":[{"href":"https:\/\/jetfilm.com.br\/blog\/wp-json\/wp\/v2\/posts\/89","targetHints":{"allow":["GET"]}}],"collection":[{"href":"https:\/\/jetfilm.com.br\/blog\/wp-json\/wp\/v2\/posts"}],"about":[{"href":"https:\/\/jetfilm.com.br\/blog\/wp-json\/wp\/v2\/types\/post"}],"author":[{"embeddable":true,"href":"https:\/\/jetfilm.com.br\/blog\/wp-json\/wp\/v2\/users\/4"}],"replies":[{"embeddable":true,"href":"https:\/\/jetfilm.com.br\/blog\/wp-json\/wp\/v2\/comments?post=89"}],"version-history":[{"count":3,"href":"https:\/\/jetfilm.com.br\/blog\/wp-json\/wp\/v2\/posts\/89\/revisions"}],"predecessor-version":[{"id":94,"href":"https:\/\/jetfilm.com.br\/blog\/wp-json\/wp\/v2\/posts\/89\/revisions\/94"}],"wp:featuredmedia":[{"embeddable":true,"href":"https:\/\/jetfilm.com.br\/blog\/wp-json\/wp\/v2\/media\/97"}],"wp:attachment":[{"href":"https:\/\/jetfilm.com.br\/blog\/wp-json\/wp\/v2\/media?parent=89"}],"wp:term":[{"taxonomy":"category","embeddable":true,"href":"https:\/\/jetfilm.com.br\/blog\/wp-json\/wp\/v2\/categories?post=89"},{"taxonomy":"post_tag","embeddable":true,"href":"https:\/\/jetfilm.com.br\/blog\/wp-json\/wp\/v2\/tags?post=89"}],"curies":[{"name":"wp","href":"https:\/\/api.w.org\/{rel}","templated":true}]}}